{"id":4002,"date":"2022-03-15T17:48:17","date_gmt":"2022-03-15T16:48:17","guid":{"rendered":"https:\/\/www.bienetre-mag.com\/?p=4002"},"modified":"2022-03-15T17:49:05","modified_gmt":"2022-03-15T16:49:05","slug":"demander-de-laide-afin-de-sauver-mon-restaurant-et-mon-bien-etre","status":"publish","type":"post","link":"https:\/\/www.bienetre-mag.com\/index.php\/2022\/03\/15\/demander-de-laide-afin-de-sauver-mon-restaurant-et-mon-bien-etre\/","title":{"rendered":"Demander de l\u2019aide afin de sauver mon restaurant et mon bien-\u00eatre"},"content":{"rendered":"<p style=\"text-align: justify;\"><span style=\"font-weight: 400;\">Nous vivons dans une \u00e8re qui prend de plus en plus conscience du bien-\u00eatre dans le monde professionnel. En effet, les langues se sont d\u00e9li\u00e9es et les employ\u00e9s et employeurs n\u2019ont plus peur de livrer leur mal-\u00eatre. Pour ma part, j\u2019ai ni\u00e9 pendant longtemps ce mal-\u00eatre. Au d\u00e9part, je me pensais tout simplement nul, pas fait pour ce m\u00e9tier qui me faisait pourtant r\u00eaver depuis mon enfance, la restauration. En passant d\u2019employ\u00e9 \u00e0 responsable de mon propre restaurant, je me suis pris de plein fouet un tas de difficult\u00e9s. Plus les difficult\u00e9s \u00e9taient nombreuses, plus j\u2019angoissais \u00e0 l\u2019id\u00e9e d\u2019aller travailler.\u00a0<\/span><\/p>\n<p style=\"text-align: justify;\"><span style=\"font-weight: 400;\">Cependant, parce que j\u2019ai pu en parler aux bonnes personnes, j\u2019ai pu am\u00e9liorer certaines choses qui m\u2019ont permis de relever mon restaurant et de consid\u00e9rablement am\u00e9liorer mon bien-\u00eatre.\u00a0<\/span><\/p>\n<h2 style=\"text-align: center;\"><span style=\"font-weight: 400; color: #808000;\">Demander de l\u2019aide \u00e0 un professionnel<\/span><\/h2>\n<p style=\"text-align: justify;\"><span style=\"font-weight: 400;\">Je me suis inspir\u00e9 des diff\u00e9rentes \u00e9missions de cuisine qui passent \u00e0 la t\u00e9l\u00e9vision afin de demander de l\u2019aide \u00e0 un professionnel que j\u2019avais dans mon r\u00e9seau. C\u2019est lorsqu\u2019il est venu m\u2019\u00e9valuer dans mon restaurant que je me suis aper\u00e7u d\u2019une chose, ma <\/span><a href=\"https:\/\/www.mdb-multimedia.com\/logiciels-pour-restauration-multi-sites\/\"><span style=\"font-weight: 400;\">gestion stock restaurant<\/span><\/a><span style=\"font-weight: 400;\"> \u00e9tait d\u00e9sastreuse, et parce que je n\u2019avais pas une bonne gestion de mon stock, j\u2019accumulais les difficult\u00e9s financi\u00e8res.\u00a0<\/span><\/p>\n<p style=\"text-align: justify;\"><span style=\"font-weight: 400;\">C\u2019\u00e9tait une chose dont je ne me rendais m\u00eame plus compte tellement je croulais sous les probl\u00e8mes. Afin de corriger cela, mon ancien coll\u00e8gue m\u2019a conseill\u00e9 d\u2019investir dans un logiciel de gestion de stock pour restaurant afin que je puisse avoir une trace des produits qui entraient, sortaient et leurs dates de p\u00e9remption. Ensemble, nous avons choisi ce logiciel et celui-ci m\u2019a permis de souffler.\u00a0<\/span><\/p>\n<p><img decoding=\"async\" loading=\"lazy\" class=\"aligncenter size-large wp-image-4003\" src=\"https:\/\/www.bienetre-mag.com\/wp-content\/uploads\/2022\/03\/restaurant-1284351_1280-1024x682.jpg\" alt=\"\" width=\"640\" height=\"426\" srcset=\"https:\/\/www.bienetre-mag.com\/wp-content\/uploads\/2022\/03\/restaurant-1284351_1280-1024x682.jpg 1024w, https:\/\/www.bienetre-mag.com\/wp-content\/uploads\/2022\/03\/restaurant-1284351_1280-300x200.jpg 300w, https:\/\/www.bienetre-mag.com\/wp-content\/uploads\/2022\/03\/restaurant-1284351_1280-768x512.jpg 768w, https:\/\/www.bienetre-mag.com\/wp-content\/uploads\/2022\/03\/restaurant-1284351_1280-600x400.jpg 600w, https:\/\/www.bienetre-mag.com\/wp-content\/uploads\/2022\/03\/restaurant-1284351_1280.jpg 1280w\" sizes=\"(max-width: 640px) 100vw, 640px\" \/><\/p>\n<p style=\"text-align: justify;\"><span style=\"font-weight: 400;\">Cette exp\u00e9rience m\u2019a ouvert les yeux et permis de me rendre compte que je ne m\u2019en sortais pas parce que j\u2019avais de gros probl\u00e8mes de gestion et un manque d\u2019organisation. Pour pallier cela, j\u2019ai d\u00e9cid\u00e9 de me former au c\u00f4t\u00e9 d\u2019un coach en gestion du travail.\u00a0<\/span><\/p>\n<h2 style=\"text-align: center;\"><span style=\"font-weight: 400; color: #808000;\">Se former continuellement, telle est la cl\u00e9 de la r\u00e9ussite\u00a0<\/span><\/h2>\n<p style=\"text-align: justify;\"><span style=\"font-weight: 400;\">En \u00e9tant accompagn\u00e9 par un coach, j\u2019ai pu am\u00e9liorer mes comp\u00e9tences en gestion et organisation au travail. La formation \u00e9tait divis\u00e9e en 8 volets d\u00e9taill\u00e9s dans lesquels j\u2019ai pu conna\u00eetre et tester de nouveaux outils plus ou moins importants dans ma profession.\u00a0<\/span><\/p>\n<p style=\"text-align: justify;\"><span style=\"font-weight: 400;\">Parce que je n\u2019ai pas eu peur de demander de l\u2019aide lorsque j\u2019en avais besoin, j&#8217;ai pu \u00e9viter le burn-out qui n\u2019allait pas tarder \u00e0 frapper \u00e0 ma porte.\u00a0<\/span><\/p>\n","protected":false},"excerpt":{"rendered":"<p>Nous vivons dans une \u00e8re qui prend de plus en plus conscience du bien-\u00eatre dans le monde professionnel. En effet, les langues se sont d\u00e9li\u00e9es et les employ\u00e9s et employeurs n\u2019ont plus peur de livrer leur mal-\u00eatre. Pour ma part, j\u2019ai ni\u00e9 pendant longtemps ce mal-\u00eatre. Au d\u00e9part, je me pensais tout simplement nul, pas fait pour ce m\u00e9tier qui me faisait pourtant r\u00eaver depuis mon enfance, la restauration. En passant d\u2019employ\u00e9 \u00e0 responsable de mon propre restaurant, je me&hellip;<\/p>\n","protected":false},"author":2,"featured_media":4004,"comment_status":"closed","ping_status":"closed","sticky":false,"template":"","format":"standard","meta":{"footnotes":""},"categories":[14,27],"tags":[],"_links":{"self":[{"href":"https:\/\/www.bienetre-mag.com\/index.php\/wp-json\/wp\/v2\/posts\/4002"}],"collection":[{"href":"https:\/\/www.bienetre-mag.com\/index.php\/wp-json\/wp\/v2\/posts"}],"about":[{"href":"https:\/\/www.bienetre-mag.com\/index.php\/wp-json\/wp\/v2\/types\/post"}],"author":[{"embeddable":true,"href":"https:\/\/www.bienetre-mag.com\/index.php\/wp-json\/wp\/v2\/users\/2"}],"replies":[{"embeddable":true,"href":"https:\/\/www.bienetre-mag.com\/index.php\/wp-json\/wp\/v2\/comments?post=4002"}],"version-history":[{"count":2,"href":"https:\/\/www.bienetre-mag.com\/index.php\/wp-json\/wp\/v2\/posts\/4002\/revisions"}],"predecessor-version":[{"id":4006,"href":"https:\/\/www.bienetre-mag.com\/index.php\/wp-json\/wp\/v2\/posts\/4002\/revisions\/4006"}],"wp:featuredmedia":[{"embeddable":true,"href":"https:\/\/www.bienetre-mag.com\/index.php\/wp-json\/wp\/v2\/media\/4004"}],"wp:attachment":[{"href":"https:\/\/www.bienetre-mag.com\/index.php\/wp-json\/wp\/v2\/media?parent=4002"}],"wp:term":[{"taxonomy":"category","embeddable":true,"href":"https:\/\/www.bienetre-mag.com\/index.php\/wp-json\/wp\/v2\/categories?post=4002"},{"taxonomy":"post_tag","embeddable":true,"href":"https:\/\/www.bienetre-mag.com\/index.php\/wp-json\/wp\/v2\/tags?post=4002"}],"curies":[{"name":"wp","href":"https:\/\/api.w.org\/{rel}","templated":true}]}}